{"id":1268,"date":"2026-04-18T12:10:00","date_gmt":"2026-04-18T12:10:00","guid":{"rendered":"https:\/\/kulturwerkstatt-lapalma.com\/?p=1268"},"modified":"2026-04-18T12:13:52","modified_gmt":"2026-04-18T12:13:52","slug":"noches-de-cine-con-el-director-franz-deubzer-en-viento-del-norte","status":"publish","type":"post","link":"https:\/\/kulturwerkstatt-lapalma.com\/es\/filmabende-mit-regisseur-franz-deubzer-im-viento-del-norte\/","title":{"rendered":"\ud83c\udfac Noches de cine con el director Franz Deubzer en Viento del Norte"},"content":{"rendered":"<div class=\"et_pb_section_0 et_pb_section et_section_regular et_flex_section\">\n<div class=\"et_pb_row_0 et_pb_row et_flex_row\">\n<div class=\"et_pb_column_0 et_pb_column et-last-child et_flex_column et_pb_css_mix_blend_mode_passthrough et_flex_column_24_24 et_flex_column_24_24_tablet et_flex_column_24_24_phone et_flex_column_24_24_ultraWide\">\n<div class=\"et_pb_text_0 et_pb_text et_pb_bg_layout_light et_pb_module et_flex_module\"><div class=\"et_pb_text_inner\"><p><!-- \u2705 Beitrag | Filmabende mit Franz Deubzer | Deutsch | WP-HTML, dezent geschm\u00fcckt --><\/p>\n<div class=\"event-box\">\n<p>  <strong>\ud83c\udfac Noches de cine con el director Franz Deubzer en Viento del Norte<\/strong><\/p>\n<hr \/>\n<p>\n    En abril, en Viento del Norte tuvimos el placer de disfrutar de dos veladas de cine muy especiales con el director<br \/>\n    <strong>Franz Deubzer<\/strong> experimentar.<br \/>\n    Se mostraron pel\u00edculas de la conocida serie <strong>\u201eLebenslinien\u201c<\/strong>,<br \/>\n    que ya se emitieron en la televisi\u00f3n alemana.<br \/>\n    F\u00fcr uns war es ein besonderes Privileg, diese Werke nicht nur anzuschauen,<br \/>\n    sondern sie gemeinsam mit dem Regisseur zu erleben und anschlie\u00dfend mit ihm ins Gespr\u00e4ch zu kommen.\n  <\/p>\n<p>\n    Am <strong>2 de abril<\/strong> se hizo la pel\u00edcula <strong>\u201eDie Farbe des Herzens\u201c<\/strong><br \/>\n    \u00fcber das Leben von <strong>Karlheinz B\u00f6hm<\/strong> mostrado.<br \/>\n    Am <strong>16 de abril<\/strong> sigui\u00f3 con <strong>\u201eMeine Jahre haben Leben\u201c<\/strong><br \/>\n    das eindrucksvolle Portr\u00e4t von <strong>Hans A. Pestalozzi<\/strong>.<br \/>\n    Las pel\u00edculas de la serie duran aproximadamente <strong>45 minutos<\/strong><br \/>\n    und widmen sich dem Leben bekannter Pers\u00f6nlichkeiten auf pers\u00f6nliche und bewegende Weise.\n  <\/p>\n<p>\n    Besonders eindr\u00fccklich war der zweite Abend,<br \/>\n    an dem das Leben von Hans A. Pestalozzi zwischen Anpassung, Aufbruch und innerer Unabh\u00e4ngigkeit sichtbar wurde.<br \/>\n    Er erscheint darin als ein Mensch, der nicht nur Kritik am Bestehenden \u00fcbte,<br \/>\n    sino que buscaba seriamente otras formas de vida, pensamiento y acci\u00f3n.\n  <\/p>\n<p>\n    <strong>\u2728 Im Anschluss an die Vorf\u00fchrungen entstand jeweils eine l\u00e4ngere, lebendige Diskussion mit Franz Deubzer.<\/strong><br \/>\n    Dabei war Raum f\u00fcr Fragen, pers\u00f6nliche Eindr\u00fccke und gemeinsame Reflexionen.<br \/>\n    Exactamente esta combinaci\u00f3n de cine e intercambio directo hizo que las veladas en el Viento del Norte fueran especialmente valiosas.\n  <\/p>\n<p>\n    Wir freuen uns sehr, diese Filmreihe weiterzuf\u00fchren.\n  <\/p>\n<hr \/>\n<p>\n    \u2139\ufe0f Aktuelle Informationen und Termine finden sich im Veranstaltungskalender:<br \/>\n    <a href=\"https:\/\/kulturwerkstatt-lapalma.com\/es\/calendario-de-eventos\/\" target=\"_blank\" rel=\"noopener\">https:\/\/kulturwerkstatt-lapalma.com\/event-kalender\/<\/a>\n  <\/p>\n<\/div>\n<\/div><\/div>\n<\/div>\n<\/div>\n<\/div>","protected":false},"excerpt":{"rendered":"","protected":false},"author":2,"featured_media":1270,"comment_status":"closed","ping_status":"open","sticky":false,"template":"","format":"standard","meta":{"pgc_sgb_lightbox_settings":"","footnotes":""},"categories":[160],"tags":[],"class_list":["post-1268","post","type-post","status-publish","format-standard","has-post-thumbnail","hentry","category-filmabend"],"yoast_head":"<!-- This site is optimized with the Yoast SEO plugin v27.5 - https:\/\/yoast.com\/product\/yoast-seo-wordpress\/ -->\n<title>Filmabende mit Franz Deubzer | Viento del Norte La Palma<\/title>\n<meta name=\"description\" content=\"Zwei besondere Filmabende mit Regisseur Franz Deubzer im Viento del Norte auf La Palma: \u201eDie Farbe des Herzens\u201c und \u201eMeine Jahre haben Leben\u201c mit anschlie\u00dfendem Austausch.\" \/>\n<meta name=\"robots\" content=\"index, follow, max-snippet:-1, max-image-preview:large, max-video-preview:-1\" \/>\n<link rel=\"canonical\" href=\"https:\/\/kulturwerkstatt-lapalma.com\/es\/noches-de-cine-con-el-director-franz-deubzer-en-viento-del-norte\/\" \/>\n<meta property=\"og:locale\" content=\"es_ES\" \/>\n<meta property=\"og:type\" content=\"article\" \/>\n<meta property=\"og:title\" content=\"Filmabende mit Franz Deubzer | Viento del Norte La Palma\" \/>\n<meta property=\"og:description\" content=\"Zwei besondere Filmabende mit Regisseur Franz Deubzer im Viento del Norte auf La Palma: \u201eDie Farbe des Herzens\u201c und \u201eMeine Jahre haben Leben\u201c mit anschlie\u00dfendem Austausch.\" \/>\n<meta property=\"og:url\" content=\"https:\/\/kulturwerkstatt-lapalma.com\/es\/noches-de-cine-con-el-director-franz-deubzer-en-viento-del-norte\/\" \/>\n<meta property=\"og:site_name\" content=\"Kulturwerkstatt La Palma\" \/>\n<meta property=\"article:published_time\" content=\"2026-04-18T12:10:00+00:00\" \/>\n<meta property=\"article:modified_time\" content=\"2026-04-18T12:13:52+00:00\" \/>\n<meta property=\"og:image\" content=\"https:\/\/kulturwerkstatt-lapalma.com\/wp-content\/uploads\/2026\/04\/Bild-vom-Raum-beim-Eintreffen-der-Zuschauer.png\" \/>\n\t<meta property=\"og:image:width\" content=\"1330\" \/>\n\t<meta property=\"og:image:height\" content=\"1124\" \/>\n\t<meta property=\"og:image:type\" content=\"image\/png\" \/>\n<meta name=\"author\" content=\"Hermes\" \/>\n<meta name=\"twitter:card\" content=\"summary_large_image\" \/>\n<meta name=\"twitter:label1\" content=\"Escrito por\" \/>\n\t<meta name=\"twitter:data1\" content=\"Hermes\" \/>\n\t<meta name=\"twitter:label2\" content=\"Tiempo de lectura\" \/>\n\t<meta name=\"twitter:data2\" content=\"1 minuto\" \/>\n<script type=\"application\/ld+json\" class=\"yoast-schema-graph\">{\"@context\":\"https:\\\/\\\/schema.org\",\"@graph\":[{\"@type\":\"Article\",\"@id\":\"https:\\\/\\\/kulturwerkstatt-lapalma.com\\\/filmabende-mit-regisseur-franz-deubzer-im-viento-del-norte\\\/#article\",\"isPartOf\":{\"@id\":\"https:\\\/\\\/kulturwerkstatt-lapalma.com\\\/filmabende-mit-regisseur-franz-deubzer-im-viento-del-norte\\\/\"},\"author\":{\"name\":\"Hermes\",\"@id\":\"https:\\\/\\\/kulturwerkstatt-lapalma.com\\\/#\\\/schema\\\/person\\\/76a6609ee96cc4d93cfbdd14f13115eb\"},\"headline\":\"\ud83c\udfac Filmabende mit Regisseur Franz Deubzer im Viento del Norte\",\"datePublished\":\"2026-04-18T12:10:00+00:00\",\"dateModified\":\"2026-04-18T12:13:52+00:00\",\"mainEntityOfPage\":{\"@id\":\"https:\\\/\\\/kulturwerkstatt-lapalma.com\\\/filmabende-mit-regisseur-franz-deubzer-im-viento-del-norte\\\/\"},\"wordCount\":9,\"publisher\":{\"@id\":\"https:\\\/\\\/kulturwerkstatt-lapalma.com\\\/#organization\"},\"image\":{\"@id\":\"https:\\\/\\\/kulturwerkstatt-lapalma.com\\\/filmabende-mit-regisseur-franz-deubzer-im-viento-del-norte\\\/#primaryimage\"},\"thumbnailUrl\":\"https:\\\/\\\/kulturwerkstatt-lapalma.com\\\/wp-content\\\/uploads\\\/2026\\\/04\\\/Bild-vom-Raum-beim-Eintreffen-der-Zuschauer.png\",\"articleSection\":[\"Filmabend\"],\"inLanguage\":\"es\"},{\"@type\":\"WebPage\",\"@id\":\"https:\\\/\\\/kulturwerkstatt-lapalma.com\\\/filmabende-mit-regisseur-franz-deubzer-im-viento-del-norte\\\/\",\"url\":\"https:\\\/\\\/kulturwerkstatt-lapalma.com\\\/filmabende-mit-regisseur-franz-deubzer-im-viento-del-norte\\\/\",\"name\":\"Filmabende mit Franz Deubzer | Viento del Norte La Palma\",\"isPartOf\":{\"@id\":\"https:\\\/\\\/kulturwerkstatt-lapalma.com\\\/#website\"},\"primaryImageOfPage\":{\"@id\":\"https:\\\/\\\/kulturwerkstatt-lapalma.com\\\/filmabende-mit-regisseur-franz-deubzer-im-viento-del-norte\\\/#primaryimage\"},\"image\":{\"@id\":\"https:\\\/\\\/kulturwerkstatt-lapalma.com\\\/filmabende-mit-regisseur-franz-deubzer-im-viento-del-norte\\\/#primaryimage\"},\"thumbnailUrl\":\"https:\\\/\\\/kulturwerkstatt-lapalma.com\\\/wp-content\\\/uploads\\\/2026\\\/04\\\/Bild-vom-Raum-beim-Eintreffen-der-Zuschauer.png\",\"datePublished\":\"2026-04-18T12:10:00+00:00\",\"dateModified\":\"2026-04-18T12:13:52+00:00\",\"description\":\"Zwei besondere Filmabende mit Regisseur Franz Deubzer im Viento del Norte auf La Palma: \u201eDie Farbe des Herzens\u201c und \u201eMeine Jahre haben Leben\u201c mit anschlie\u00dfendem Austausch.\",\"breadcrumb\":{\"@id\":\"https:\\\/\\\/kulturwerkstatt-lapalma.com\\\/filmabende-mit-regisseur-franz-deubzer-im-viento-del-norte\\\/#breadcrumb\"},\"inLanguage\":\"es\",\"potentialAction\":[{\"@type\":\"ReadAction\",\"target\":[\"https:\\\/\\\/kulturwerkstatt-lapalma.com\\\/filmabende-mit-regisseur-franz-deubzer-im-viento-del-norte\\\/\"]}]},{\"@type\":\"ImageObject\",\"inLanguage\":\"es\",\"@id\":\"https:\\\/\\\/kulturwerkstatt-lapalma.com\\\/filmabende-mit-regisseur-franz-deubzer-im-viento-del-norte\\\/#primaryimage\",\"url\":\"https:\\\/\\\/kulturwerkstatt-lapalma.com\\\/wp-content\\\/uploads\\\/2026\\\/04\\\/Bild-vom-Raum-beim-Eintreffen-der-Zuschauer.png\",\"contentUrl\":\"https:\\\/\\\/kulturwerkstatt-lapalma.com\\\/wp-content\\\/uploads\\\/2026\\\/04\\\/Bild-vom-Raum-beim-Eintreffen-der-Zuschauer.png\",\"width\":1330,\"height\":1124},{\"@type\":\"BreadcrumbList\",\"@id\":\"https:\\\/\\\/kulturwerkstatt-lapalma.com\\\/filmabende-mit-regisseur-franz-deubzer-im-viento-del-norte\\\/#breadcrumb\",\"itemListElement\":[{\"@type\":\"ListItem\",\"position\":1,\"name\":\"Start\",\"item\":\"https:\\\/\\\/kulturwerkstatt-lapalma.com\\\/\"},{\"@type\":\"ListItem\",\"position\":2,\"name\":\"\ud83c\udfac Filmabende mit Regisseur Franz Deubzer im Viento del Norte\"}]},{\"@type\":\"WebSite\",\"@id\":\"https:\\\/\\\/kulturwerkstatt-lapalma.com\\\/#website\",\"url\":\"https:\\\/\\\/kulturwerkstatt-lapalma.com\\\/\",\"name\":\"Kulturwerkstatt La Palma\",\"description\":\"Kultur,Workshops, Kunst, Vortr\u00e4ge, Veranstaltungen\",\"publisher\":{\"@id\":\"https:\\\/\\\/kulturwerkstatt-lapalma.com\\\/#organization\"},\"potentialAction\":[{\"@type\":\"SearchAction\",\"target\":{\"@type\":\"EntryPoint\",\"urlTemplate\":\"https:\\\/\\\/kulturwerkstatt-lapalma.com\\\/?s={search_term_string}\"},\"query-input\":{\"@type\":\"PropertyValueSpecification\",\"valueRequired\":true,\"valueName\":\"search_term_string\"}}],\"inLanguage\":\"es\"},{\"@type\":\"Organization\",\"@id\":\"https:\\\/\\\/kulturwerkstatt-lapalma.com\\\/#organization\",\"name\":\"Kulturwerkstatt La Palma\",\"url\":\"https:\\\/\\\/kulturwerkstatt-lapalma.com\\\/\",\"logo\":{\"@type\":\"ImageObject\",\"inLanguage\":\"es\",\"@id\":\"https:\\\/\\\/kulturwerkstatt-lapalma.com\\\/#\\\/schema\\\/logo\\\/image\\\/\",\"url\":\"https:\\\/\\\/kulturwerkstatt-lapalma.com\\\/wp-content\\\/uploads\\\/2025\\\/12\\\/Kulturwerkstatt_la_Palma-1024x683.png\",\"contentUrl\":\"https:\\\/\\\/kulturwerkstatt-lapalma.com\\\/wp-content\\\/uploads\\\/2025\\\/12\\\/Kulturwerkstatt_la_Palma-1024x683.png\",\"width\":1024,\"height\":683,\"caption\":\"Kulturwerkstatt La Palma\"},\"image\":{\"@id\":\"https:\\\/\\\/kulturwerkstatt-lapalma.com\\\/#\\\/schema\\\/logo\\\/image\\\/\"}},{\"@type\":\"Person\",\"@id\":\"https:\\\/\\\/kulturwerkstatt-lapalma.com\\\/#\\\/schema\\\/person\\\/76a6609ee96cc4d93cfbdd14f13115eb\",\"name\":\"Hermes\",\"image\":{\"@type\":\"ImageObject\",\"inLanguage\":\"es\",\"@id\":\"https:\\\/\\\/kulturwerkstatt-lapalma.com\\\/wp-content\\\/litespeed\\\/avatar\\\/7d512530ac80a2612203d733063f93f0.jpg?ver=1777342859\",\"url\":\"https:\\\/\\\/kulturwerkstatt-lapalma.com\\\/wp-content\\\/litespeed\\\/avatar\\\/7d512530ac80a2612203d733063f93f0.jpg?ver=1777342859\",\"contentUrl\":\"https:\\\/\\\/kulturwerkstatt-lapalma.com\\\/wp-content\\\/litespeed\\\/avatar\\\/7d512530ac80a2612203d733063f93f0.jpg?ver=1777342859\",\"caption\":\"Hermes\"},\"sameAs\":[\"http:\\\/\\\/creaputity.com\"],\"url\":\"https:\\\/\\\/kulturwerkstatt-lapalma.com\\\/es\\\/author\\\/hermes\\\/\"}]}<\/script>\n<!-- \/ Yoast SEO plugin. -->","yoast_head_json":{"title":"Noches de cine con Franz Deubzer | Viento del Norte La Palma","description":"Dos noches de cine especiales con el director Franz Deubzer en Viento del Norte en La Palma: \u201eEl color del coraz\u00f3n\u201c y \u201eMis a\u00f1os son vida\u201c con posterior coloquio.","robots":{"index":"index","follow":"follow","max-snippet":"max-snippet:-1","max-image-preview":"max-image-preview:large","max-video-preview":"max-video-preview:-1"},"canonical":"https:\/\/kulturwerkstatt-lapalma.com\/es\/noches-de-cine-con-el-director-franz-deubzer-en-viento-del-norte\/","og_locale":"es_ES","og_type":"article","og_title":"Filmabende mit Franz Deubzer | Viento del Norte La Palma","og_description":"Zwei besondere Filmabende mit Regisseur Franz Deubzer im Viento del Norte auf La Palma: \u201eDie Farbe des Herzens\u201c und \u201eMeine Jahre haben Leben\u201c mit anschlie\u00dfendem Austausch.","og_url":"https:\/\/kulturwerkstatt-lapalma.com\/es\/noches-de-cine-con-el-director-franz-deubzer-en-viento-del-norte\/","og_site_name":"Kulturwerkstatt La Palma","article_published_time":"2026-04-18T12:10:00+00:00","article_modified_time":"2026-04-18T12:13:52+00:00","og_image":[{"width":1330,"height":1124,"url":"https:\/\/kulturwerkstatt-lapalma.com\/wp-content\/uploads\/2026\/04\/Bild-vom-Raum-beim-Eintreffen-der-Zuschauer.png","type":"image\/png"}],"author":"Hermes","twitter_card":"summary_large_image","twitter_misc":{"Escrito por":"Hermes","Tiempo de lectura":"1 minuto"},"schema":{"@context":"https:\/\/schema.org","@graph":[{"@type":"Article","@id":"https:\/\/kulturwerkstatt-lapalma.com\/filmabende-mit-regisseur-franz-deubzer-im-viento-del-norte\/#article","isPartOf":{"@id":"https:\/\/kulturwerkstatt-lapalma.com\/filmabende-mit-regisseur-franz-deubzer-im-viento-del-norte\/"},"author":{"name":"Hermes","@id":"https:\/\/kulturwerkstatt-lapalma.com\/#\/schema\/person\/76a6609ee96cc4d93cfbdd14f13115eb"},"headline":"\ud83c\udfac Filmabende mit Regisseur Franz Deubzer im Viento del Norte","datePublished":"2026-04-18T12:10:00+00:00","dateModified":"2026-04-18T12:13:52+00:00","mainEntityOfPage":{"@id":"https:\/\/kulturwerkstatt-lapalma.com\/filmabende-mit-regisseur-franz-deubzer-im-viento-del-norte\/"},"wordCount":9,"publisher":{"@id":"https:\/\/kulturwerkstatt-lapalma.com\/#organization"},"image":{"@id":"https:\/\/kulturwerkstatt-lapalma.com\/filmabende-mit-regisseur-franz-deubzer-im-viento-del-norte\/#primaryimage"},"thumbnailUrl":"https:\/\/kulturwerkstatt-lapalma.com\/wp-content\/uploads\/2026\/04\/Bild-vom-Raum-beim-Eintreffen-der-Zuschauer.png","articleSection":["Filmabend"],"inLanguage":"es"},{"@type":"WebPage","@id":"https:\/\/kulturwerkstatt-lapalma.com\/filmabende-mit-regisseur-franz-deubzer-im-viento-del-norte\/","url":"https:\/\/kulturwerkstatt-lapalma.com\/filmabende-mit-regisseur-franz-deubzer-im-viento-del-norte\/","name":"Noches de cine con Franz Deubzer | Viento del Norte La Palma","isPartOf":{"@id":"https:\/\/kulturwerkstatt-lapalma.com\/#website"},"primaryImageOfPage":{"@id":"https:\/\/kulturwerkstatt-lapalma.com\/filmabende-mit-regisseur-franz-deubzer-im-viento-del-norte\/#primaryimage"},"image":{"@id":"https:\/\/kulturwerkstatt-lapalma.com\/filmabende-mit-regisseur-franz-deubzer-im-viento-del-norte\/#primaryimage"},"thumbnailUrl":"https:\/\/kulturwerkstatt-lapalma.com\/wp-content\/uploads\/2026\/04\/Bild-vom-Raum-beim-Eintreffen-der-Zuschauer.png","datePublished":"2026-04-18T12:10:00+00:00","dateModified":"2026-04-18T12:13:52+00:00","description":"Dos noches de cine especiales con el director Franz Deubzer en Viento del Norte en La Palma: \u201eEl color del coraz\u00f3n\u201c y \u201eMis a\u00f1os son vida\u201c con posterior coloquio.","breadcrumb":{"@id":"https:\/\/kulturwerkstatt-lapalma.com\/filmabende-mit-regisseur-franz-deubzer-im-viento-del-norte\/#breadcrumb"},"inLanguage":"es","potentialAction":[{"@type":"ReadAction","target":["https:\/\/kulturwerkstatt-lapalma.com\/filmabende-mit-regisseur-franz-deubzer-im-viento-del-norte\/"]}]},{"@type":"ImageObject","inLanguage":"es","@id":"https:\/\/kulturwerkstatt-lapalma.com\/filmabende-mit-regisseur-franz-deubzer-im-viento-del-norte\/#primaryimage","url":"https:\/\/kulturwerkstatt-lapalma.com\/wp-content\/uploads\/2026\/04\/Bild-vom-Raum-beim-Eintreffen-der-Zuschauer.png","contentUrl":"https:\/\/kulturwerkstatt-lapalma.com\/wp-content\/uploads\/2026\/04\/Bild-vom-Raum-beim-Eintreffen-der-Zuschauer.png","width":1330,"height":1124},{"@type":"BreadcrumbList","@id":"https:\/\/kulturwerkstatt-lapalma.com\/filmabende-mit-regisseur-franz-deubzer-im-viento-del-norte\/#breadcrumb","itemListElement":[{"@type":"ListItem","position":1,"name":"Start","item":"https:\/\/kulturwerkstatt-lapalma.com\/"},{"@type":"ListItem","position":2,"name":"\ud83c\udfac Filmabende mit Regisseur Franz Deubzer im Viento del Norte"}]},{"@type":"WebSite","@id":"https:\/\/kulturwerkstatt-lapalma.com\/#website","url":"https:\/\/kulturwerkstatt-lapalma.com\/","name":"Centro Cultural de La Palma","description":"Cultura, Talleres, Arte, Conferencias, Eventos","publisher":{"@id":"https:\/\/kulturwerkstatt-lapalma.com\/#organization"},"potentialAction":[{"@type":"SearchAction","target":{"@type":"EntryPoint","urlTemplate":"https:\/\/kulturwerkstatt-lapalma.com\/?s={search_term_string}"},"query-input":{"@type":"PropertyValueSpecification","valueRequired":true,"valueName":"search_term_string"}}],"inLanguage":"es"},{"@type":"Organization","@id":"https:\/\/kulturwerkstatt-lapalma.com\/#organization","name":"Centro Cultural de La Palma","url":"https:\/\/kulturwerkstatt-lapalma.com\/","logo":{"@type":"ImageObject","inLanguage":"es","@id":"https:\/\/kulturwerkstatt-lapalma.com\/#\/schema\/logo\/image\/","url":"https:\/\/kulturwerkstatt-lapalma.com\/wp-content\/uploads\/2025\/12\/Kulturwerkstatt_la_Palma-1024x683.png","contentUrl":"https:\/\/kulturwerkstatt-lapalma.com\/wp-content\/uploads\/2025\/12\/Kulturwerkstatt_la_Palma-1024x683.png","width":1024,"height":683,"caption":"Kulturwerkstatt La Palma"},"image":{"@id":"https:\/\/kulturwerkstatt-lapalma.com\/#\/schema\/logo\/image\/"}},{"@type":"Person","@id":"https:\/\/kulturwerkstatt-lapalma.com\/#\/schema\/person\/76a6609ee96cc4d93cfbdd14f13115eb","name":"Hermes","image":{"@type":"ImageObject","inLanguage":"es","@id":"https:\/\/kulturwerkstatt-lapalma.com\/wp-content\/litespeed\/avatar\/7d512530ac80a2612203d733063f93f0.jpg?ver=1777342859","url":"https:\/\/kulturwerkstatt-lapalma.com\/wp-content\/litespeed\/avatar\/7d512530ac80a2612203d733063f93f0.jpg?ver=1777342859","contentUrl":"https:\/\/kulturwerkstatt-lapalma.com\/wp-content\/litespeed\/avatar\/7d512530ac80a2612203d733063f93f0.jpg?ver=1777342859","caption":"Hermes"},"sameAs":["http:\/\/creaputity.com"],"url":"https:\/\/kulturwerkstatt-lapalma.com\/es\/author\/hermes\/"}]}},"_links":{"self":[{"href":"https:\/\/kulturwerkstatt-lapalma.com\/es\/wp-json\/wp\/v2\/posts\/1268","targetHints":{"allow":["GET"]}}],"collection":[{"href":"https:\/\/kulturwerkstatt-lapalma.com\/es\/wp-json\/wp\/v2\/posts"}],"about":[{"href":"https:\/\/kulturwerkstatt-lapalma.com\/es\/wp-json\/wp\/v2\/types\/post"}],"author":[{"embeddable":true,"href":"https:\/\/kulturwerkstatt-lapalma.com\/es\/wp-json\/wp\/v2\/users\/2"}],"replies":[{"embeddable":true,"href":"https:\/\/kulturwerkstatt-lapalma.com\/es\/wp-json\/wp\/v2\/comments?post=1268"}],"version-history":[{"count":5,"href":"https:\/\/kulturwerkstatt-lapalma.com\/es\/wp-json\/wp\/v2\/posts\/1268\/revisions"}],"predecessor-version":[{"id":1275,"href":"https:\/\/kulturwerkstatt-lapalma.com\/es\/wp-json\/wp\/v2\/posts\/1268\/revisions\/1275"}],"wp:featuredmedia":[{"embeddable":true,"href":"https:\/\/kulturwerkstatt-lapalma.com\/es\/wp-json\/wp\/v2\/media\/1270"}],"wp:attachment":[{"href":"https:\/\/kulturwerkstatt-lapalma.com\/es\/wp-json\/wp\/v2\/media?parent=1268"}],"wp:term":[{"taxonomy":"category","embeddable":true,"href":"https:\/\/kulturwerkstatt-lapalma.com\/es\/wp-json\/wp\/v2\/categories?post=1268"},{"taxonomy":"post_tag","embeddable":true,"href":"https:\/\/kulturwerkstatt-lapalma.com\/es\/wp-json\/wp\/v2\/tags?post=1268"}],"curies":[{"name":"wp","href":"https:\/\/api.w.org\/{rel}","templated":true}]}}